{"id":8257,"date":"2019-11-16T14:01:06","date_gmt":"2019-11-16T14:01:06","guid":{"rendered":"http:\/\/www.zuniga.es\/?p=8257"},"modified":"2019-11-16T14:01:06","modified_gmt":"2019-11-16T14:01:06","slug":"aprobacion-inicial-de-modificacion-de-la-ordenanza-del-cementerio","status":"publish","type":"post","link":"http:\/\/www.zuniga.es\/eu\/aprobacion-inicial-de-modificacion-de-la-ordenanza-del-cementerio\/","title":{"rendered":"P"},"content":{"rendered":"<p class=\"qtranxs-available-languages-message qtranxs-available-languages-message-eu\">Barkatu, hau ez dago euskaraturik oraindik...<\/p>","protected":false},"excerpt":{"rendered":"<p>Barkatu, hau ez dago euskaraturik oraindik&#8230;<\/p>\n","protected":false},"author":247,"featured_media":0,"comment_status":"closed","ping_status":"closed","sticky":false,"template":"","format":"standard","meta":{"_monsterinsights_skip_tracking":false,"_monsterinsights_sitenote_active":false,"_monsterinsights_sitenote_note":"","_monsterinsights_sitenote_category":0,"footnotes":""},"categories":[4,44,6],"tags":[],"class_list":["post-8257","post","type-post","status-publish","format-standard","hentry","category-actualidad","category-mas-noticias","category-noticias"],"yoast_head":"<!-- This site is optimized with the Yoast SEO plugin v26.8 - https:\/\/yoast.com\/product\/yoast-seo-wordpress\/ -->\r\n<title>P - Ayuntamiento de Zu\u00f1iga - Zu\u00f1igako Udala<\/title>\r\n<meta name=\"robots\" content=\"index, follow, max-snippet:-1, max-image-preview:large, max-video-preview:-1\" \/>\r\n<link rel=\"canonical\" href=\"http:\/\/www.zuniga.es\/eu\/aprobacion-inicial-de-modificacion-de-la-ordenanza-del-cementerio\/\" \/>\r\n<meta property=\"og:locale\" content=\"en_US\" \/>\r\n<meta property=\"og:type\" content=\"article\" \/>\r\n<meta property=\"og:title\" content=\"P - Ayuntamiento de Zu\u00f1iga - Zu\u00f1igako Udala\" \/>\r\n<meta property=\"og:description\" content=\"Barkatu, hau ez dago euskaraturik oraindik...\" \/>\r\n<meta property=\"og:url\" content=\"http:\/\/www.zuniga.es\/eu\/aprobacion-inicial-de-modificacion-de-la-ordenanza-del-cementerio\/\" \/>\r\n<meta property=\"og:site_name\" content=\"Ayuntamiento de Zu\u00f1iga - Zu\u00f1igako Udala\" \/>\r\n<meta property=\"article:published_time\" content=\"2019-11-16T14:01:06+00:00\" \/>\r\n<meta name=\"author\" content=\"zngalcalde\" \/>\r\n<meta name=\"twitter:card\" content=\"summary_large_image\" \/>\r\n<meta name=\"twitter:label1\" content=\"Written by\" \/>\n\t<meta name=\"twitter:data1\" content=\"zngalcalde\" \/>\r\n<script type=\"application\/ld+json\" class=\"yoast-schema-graph\">{\"@context\":\"https:\/\/schema.org\",\"@graph\":[{\"@type\":\"Article\",\"@id\":\"http:\/\/www.zuniga.es\/aprobacion-inicial-de-modificacion-de-la-ordenanza-del-cementerio\/#article\",\"isPartOf\":{\"@id\":\"http:\/\/www.zuniga.es\/aprobacion-inicial-de-modificacion-de-la-ordenanza-del-cementerio\/\"},\"author\":{\"name\":\"zngalcalde\",\"@id\":\"http:\/\/www.zuniga.es\/#\/schema\/person\/eb276e557c34a7e6e7784137b46cc769\"},\"headline\":\"P\",\"datePublished\":\"2019-11-16T14:01:06+00:00\",\"mainEntityOfPage\":{\"@id\":\"http:\/\/www.zuniga.es\/aprobacion-inicial-de-modificacion-de-la-ordenanza-del-cementerio\/\"},\"wordCount\":29,\"articleSection\":[\"Actualidad\",\"M\u00e1s Noticias\",\"Noticias\"],\"inLanguage\":\"eu-EU\"},{\"@type\":\"WebPage\",\"@id\":\"http:\/\/www.zuniga.es\/eu\/aprobacion-inicial-de-modificacion-de-la-ordenanza-del-cementerio\/\",\"url\":\"http:\/\/www.zuniga.es\/eu\/aprobacion-inicial-de-modificacion-de-la-ordenanza-del-cementerio\/\",\"name\":\"P - Ayuntamiento de Zu\u00f1iga - Zu\u00f1igako Udala\",\"isPartOf\":{\"@id\":\"http:\/\/www.zuniga.es\/eu\/#website\"},\"datePublished\":\"2019-11-16T14:01:06+00:00\",\"author\":{\"@id\":\"http:\/\/www.zuniga.es\/#\/schema\/person\/eb276e557c34a7e6e7784137b46cc769\"},\"breadcrumb\":{\"@id\":\"http:\/\/www.zuniga.es\/eu\/aprobacion-inicial-de-modificacion-de-la-ordenanza-del-cementerio\/#breadcrumb\"},\"inLanguage\":\"eu-EU\",\"potentialAction\":[{\"@type\":\"ReadAction\",\"target\":[[\"http:\/\/www.zuniga.es\/eu\/aprobacion-inicial-de-modificacion-de-la-ordenanza-del-cementerio\/\"]]}]},{\"@type\":\"BreadcrumbList\",\"@id\":\"http:\/\/www.zuniga.es\/eu\/aprobacion-inicial-de-modificacion-de-la-ordenanza-del-cementerio\/#breadcrumb\",\"itemListElement\":[{\"@type\":\"ListItem\",\"position\":1,\"name\":\"Portada\",\"item\":\"http:\/\/www.zuniga.es\/eu\/\"},{\"@type\":\"ListItem\",\"position\":2,\"name\":\"Aprobaci\u00f3n inicial de modificaci\u00f3n de la Ordenanza del Cementerio\"}]},{\"@type\":\"WebSite\",\"@id\":\"http:\/\/www.zuniga.es\/eu\/#website\",\"url\":\"http:\/\/www.zuniga.es\/eu\/\",\"name\":\"Ayuntamiento de Zu\u00f1iga - Zu\u00f1igako Udala\",\"description\":\"Web del Ayuntamiento de Zu\u00f1iga - Zu\u00f1igako Udala\",\"potentialAction\":[{\"@type\":\"SearchAction\",\"target\":{\"@type\":\"EntryPoint\",\"urlTemplate\":\"http:\/\/www.zuniga.es\/eu\/?s={search_term_string}\"},\"query-input\":{\"@type\":\"PropertyValueSpecification\",\"valueRequired\":true,\"valueName\":\"search_term_string\"}}],\"inLanguage\":\"eu-EU\"},{\"@type\":\"Person\",\"@id\":\"http:\/\/www.zuniga.es\/#\/schema\/person\/eb276e557c34a7e6e7784137b46cc769\",\"name\":\"zngalcalde\",\"image\":{\"@type\":\"ImageObject\",\"inLanguage\":\"eu-EU\",\"@id\":\"http:\/\/www.zuniga.es\/eu\/#\/schema\/person\/image\/\",\"url\":\"https:\/\/secure.gravatar.com\/avatar\/0dc2e704ac63e4e141d2a067deca7c91936fb09b1f58b55a8608e65a3c511929?s=96&d=mm&r=g\",\"contentUrl\":\"https:\/\/secure.gravatar.com\/avatar\/0dc2e704ac63e4e141d2a067deca7c91936fb09b1f58b55a8608e65a3c511929?s=96&d=mm&r=g\",\"caption\":\"zngalcalde\"},\"url\":\"http:\/\/www.zuniga.es\/eu\/author\/zngalcalde\/\"}]}<\/script>\r\n<!-- \/ Yoast SEO plugin. -->","yoast_head_json":{"title":"P - Ayuntamiento de Zu\u00f1iga - Zu\u00f1igako Udala","robots":{"index":"index","follow":"follow","max-snippet":"max-snippet:-1","max-image-preview":"max-image-preview:large","max-video-preview":"max-video-preview:-1"},"canonical":"http:\/\/www.zuniga.es\/eu\/aprobacion-inicial-de-modificacion-de-la-ordenanza-del-cementerio\/","og_locale":"en_US","og_type":"article","og_title":"P - Ayuntamiento de Zu\u00f1iga - Zu\u00f1igako Udala","og_description":"Barkatu, hau ez dago euskaraturik oraindik...","og_url":"http:\/\/www.zuniga.es\/eu\/aprobacion-inicial-de-modificacion-de-la-ordenanza-del-cementerio\/","og_site_name":"Ayuntamiento de Zu\u00f1iga - Zu\u00f1igako Udala","article_published_time":"2019-11-16T14:01:06+00:00","author":"zngalcalde","twitter_card":"summary_large_image","twitter_misc":{"Written by":"zngalcalde"},"schema":{"@context":"https:\/\/schema.org","@graph":[{"@type":"Article","@id":"http:\/\/www.zuniga.es\/aprobacion-inicial-de-modificacion-de-la-ordenanza-del-cementerio\/#article","isPartOf":{"@id":"http:\/\/www.zuniga.es\/aprobacion-inicial-de-modificacion-de-la-ordenanza-del-cementerio\/"},"author":{"name":"zngalcalde","@id":"http:\/\/www.zuniga.es\/#\/schema\/person\/eb276e557c34a7e6e7784137b46cc769"},"headline":"P","datePublished":"2019-11-16T14:01:06+00:00","mainEntityOfPage":{"@id":"http:\/\/www.zuniga.es\/aprobacion-inicial-de-modificacion-de-la-ordenanza-del-cementerio\/"},"wordCount":29,"articleSection":["Actualidad","M\u00e1s Noticias","Noticias"],"inLanguage":"eu-EU"},{"@type":"WebPage","@id":"http:\/\/www.zuniga.es\/eu\/aprobacion-inicial-de-modificacion-de-la-ordenanza-del-cementerio\/","url":"http:\/\/www.zuniga.es\/eu\/aprobacion-inicial-de-modificacion-de-la-ordenanza-del-cementerio\/","name":"P - Ayuntamiento de Zu\u00f1iga - Zu\u00f1igako Udala","isPartOf":{"@id":"http:\/\/www.zuniga.es\/eu\/#website"},"datePublished":"2019-11-16T14:01:06+00:00","author":{"@id":"http:\/\/www.zuniga.es\/#\/schema\/person\/eb276e557c34a7e6e7784137b46cc769"},"breadcrumb":{"@id":"http:\/\/www.zuniga.es\/eu\/aprobacion-inicial-de-modificacion-de-la-ordenanza-del-cementerio\/#breadcrumb"},"inLanguage":"eu-EU","potentialAction":[{"@type":"ReadAction","target":[["http:\/\/www.zuniga.es\/eu\/aprobacion-inicial-de-modificacion-de-la-ordenanza-del-cementerio\/"]]}]},{"@type":"BreadcrumbList","@id":"http:\/\/www.zuniga.es\/eu\/aprobacion-inicial-de-modificacion-de-la-ordenanza-del-cementerio\/#breadcrumb","itemListElement":[{"@type":"ListItem","position":1,"name":"Portada","item":"http:\/\/www.zuniga.es\/eu\/"},{"@type":"ListItem","position":2,"name":"Aprobaci\u00f3n inicial de modificaci\u00f3n de la Ordenanza del Cementerio"}]},{"@type":"WebSite","@id":"http:\/\/www.zuniga.es\/eu\/#website","url":"http:\/\/www.zuniga.es\/eu\/","name":"Ayuntamiento de Zu\u00f1iga - Zu\u00f1igako Udala","description":"Web del Ayuntamiento de Zu\u00f1iga - Zu\u00f1igako Udala","potentialAction":[{"@type":"SearchAction","target":{"@type":"EntryPoint","urlTemplate":"http:\/\/www.zuniga.es\/eu\/?s={search_term_string}"},"query-input":{"@type":"PropertyValueSpecification","valueRequired":true,"valueName":"search_term_string"}}],"inLanguage":"eu-EU"},{"@type":"Person","@id":"http:\/\/www.zuniga.es\/#\/schema\/person\/eb276e557c34a7e6e7784137b46cc769","name":"zngalcalde","image":{"@type":"ImageObject","inLanguage":"eu-EU","@id":"http:\/\/www.zuniga.es\/eu\/#\/schema\/person\/image\/","url":"https:\/\/secure.gravatar.com\/avatar\/0dc2e704ac63e4e141d2a067deca7c91936fb09b1f58b55a8608e65a3c511929?s=96&d=mm&r=g","contentUrl":"https:\/\/secure.gravatar.com\/avatar\/0dc2e704ac63e4e141d2a067deca7c91936fb09b1f58b55a8608e65a3c511929?s=96&d=mm&r=g","caption":"zngalcalde"},"url":"http:\/\/www.zuniga.es\/eu\/author\/zngalcalde\/"}]}},"_links":{"self":[{"href":"http:\/\/www.zuniga.es\/eu\/wp-json\/wp\/v2\/posts\/8257","targetHints":{"allow":["GET"]}}],"collection":[{"href":"http:\/\/www.zuniga.es\/eu\/wp-json\/wp\/v2\/posts"}],"about":[{"href":"http:\/\/www.zuniga.es\/eu\/wp-json\/wp\/v2\/types\/post"}],"author":[{"embeddable":true,"href":"http:\/\/www.zuniga.es\/eu\/wp-json\/wp\/v2\/users\/247"}],"replies":[{"embeddable":true,"href":"http:\/\/www.zuniga.es\/eu\/wp-json\/wp\/v2\/comments?post=8257"}],"version-history":[{"count":1,"href":"http:\/\/www.zuniga.es\/eu\/wp-json\/wp\/v2\/posts\/8257\/revisions"}],"predecessor-version":[{"id":8259,"href":"http:\/\/www.zuniga.es\/eu\/wp-json\/wp\/v2\/posts\/8257\/revisions\/8259"}],"wp:attachment":[{"href":"http:\/\/www.zuniga.es\/eu\/wp-json\/wp\/v2\/media?parent=8257"}],"wp:term":[{"taxonomy":"category","embeddable":true,"href":"http:\/\/www.zuniga.es\/eu\/wp-json\/wp\/v2\/categories?post=8257"},{"taxonomy":"post_tag","embeddable":true,"href":"http:\/\/www.zuniga.es\/eu\/wp-json\/wp\/v2\/tags?post=8257"}],"curies":[{"name":"wp","href":"https:\/\/api.w.org\/{rel}","templated":true}]}}