{"id":7961,"date":"2018-07-18T10:13:24","date_gmt":"2018-07-18T10:13:24","guid":{"rendered":"http:\/\/www.zuniga.es\/?p=7961"},"modified":"2018-07-18T10:13:24","modified_gmt":"2018-07-18T10:13:24","slug":"cine-de-verano","status":"publish","type":"post","link":"http:\/\/www.zuniga.es\/eu\/cine-de-verano\/","title":{"rendered":"(Castellano) Cine de Verano!!"},"content":{"rendered":"<p class=\"qtranxs-available-languages-message qtranxs-available-languages-message-eu\">Barkatu, hau ez dago euskaraturik oraindik...<\/p>","protected":false},"excerpt":{"rendered":"<p>Barkatu, hau ez dago euskaraturik oraindik&#8230;<\/p>\n","protected":false},"author":247,"featured_media":0,"comment_status":"closed","ping_status":"closed","sticky":false,"template":"","format":"standard","meta":{"_monsterinsights_skip_tracking":false,"_monsterinsights_sitenote_active":false,"_monsterinsights_sitenote_note":"","_monsterinsights_sitenote_category":0,"footnotes":""},"categories":[4,41,44,6],"tags":[71,75,76,77],"class_list":["post-7961","post","type-post","status-publish","format-standard","hentry","category-actualidad","category-blog","category-mas-noticias","category-noticias","tag-71","tag-black-panther","tag-cine","tag-verano"],"yoast_head":"<!-- This site is optimized with the Yoast SEO plugin v26.8 - https:\/\/yoast.com\/product\/yoast-seo-wordpress\/ -->\r\n<title>(Castellano) Cine de Verano!! - Ayuntamiento de Zu\u00f1iga - Zu\u00f1igako Udala<\/title>\r\n<meta name=\"description\" content=\"Proyecci\u00f3n de la pel\u00edcula &quot;Black Panther&quot; en Z\u00fa\u00f1iga el pr\u00f3ximo 19 de Agosto a las 22:00 en el Front\u00f3n. La entrada es gratuita. Taquillera de Marvel.\" \/>\r\n<meta name=\"robots\" content=\"index, follow, max-snippet:-1, max-image-preview:large, max-video-preview:-1\" \/>\r\n<link rel=\"canonical\" href=\"http:\/\/www.zuniga.es\/eu\/cine-de-verano\/\" \/>\r\n<meta property=\"og:locale\" content=\"en_US\" \/>\r\n<meta property=\"og:type\" content=\"article\" \/>\r\n<meta property=\"og:title\" content=\"(Castellano) Cine de Verano!! - Ayuntamiento de Zu\u00f1iga - Zu\u00f1igako Udala\" \/>\r\n<meta property=\"og:description\" content=\"Proyecci\u00f3n de la pel\u00edcula &quot;Black Panther&quot; en Z\u00fa\u00f1iga el pr\u00f3ximo 19 de Agosto a las 22:00 en el Front\u00f3n. La entrada es gratuita. Taquillera de Marvel.\" \/>\r\n<meta property=\"og:url\" content=\"http:\/\/www.zuniga.es\/eu\/cine-de-verano\/\" \/>\r\n<meta property=\"og:site_name\" content=\"Ayuntamiento de Zu\u00f1iga - Zu\u00f1igako Udala\" \/>\r\n<meta property=\"article:published_time\" content=\"2018-07-18T10:13:24+00:00\" \/>\r\n<meta property=\"og:image\" content=\"http:\/\/www.zuniga.es\/wp-content\/uploads\/sites\/77\/2018\/07\/CARTEL-CINE-DE-VERANO-212x300.jpg\" \/>\r\n<meta name=\"author\" content=\"zngalcalde\" \/>\r\n<meta name=\"twitter:card\" content=\"summary_large_image\" \/>\r\n<meta name=\"twitter:label1\" content=\"Written by\" \/>\n\t<meta name=\"twitter:data1\" content=\"zngalcalde\" \/>\r\n<script type=\"application\/ld+json\" class=\"yoast-schema-graph\">{\"@context\":\"https:\/\/schema.org\",\"@graph\":[{\"@type\":\"Article\",\"@id\":\"http:\/\/www.zuniga.es\/cine-de-verano\/#article\",\"isPartOf\":{\"@id\":\"http:\/\/www.zuniga.es\/cine-de-verano\/\"},\"author\":{\"name\":\"zngalcalde\",\"@id\":\"http:\/\/www.zuniga.es\/#\/schema\/person\/eb276e557c34a7e6e7784137b46cc769\"},\"headline\":\"(Castellano) Cine de Verano!!\",\"datePublished\":\"2018-07-18T10:13:24+00:00\",\"mainEntityOfPage\":{\"@id\":\"http:\/\/www.zuniga.es\/cine-de-verano\/\"},\"wordCount\":92,\"image\":{\"@id\":\"http:\/\/www.zuniga.es\/cine-de-verano\/#primaryimage\"},\"thumbnailUrl\":\"http:\/\/www.zuniga.es\/wp-content\/uploads\/sites\/77\/2018\/07\/CARTEL-CINE-DE-VERANO-212x300.jpg\",\"keywords\":[\"2018\",\"Black Panther\",\"cine\",\"verano\"],\"articleSection\":[\"Actualidad\",\"BLOG\",\"M\u00e1s Noticias\",\"Noticias\"],\"inLanguage\":\"eu-EU\"},{\"@type\":\"WebPage\",\"@id\":\"http:\/\/www.zuniga.es\/eu\/cine-de-verano\/\",\"url\":\"http:\/\/www.zuniga.es\/eu\/cine-de-verano\/\",\"name\":\"(Castellano) Cine de Verano!! - Ayuntamiento de Zu\u00f1iga - Zu\u00f1igako Udala\",\"isPartOf\":{\"@id\":\"http:\/\/www.zuniga.es\/eu\/#website\"},\"primaryImageOfPage\":{\"@id\":\"http:\/\/www.zuniga.es\/eu\/cine-de-verano\/#primaryimage\"},\"image\":{\"@id\":\"http:\/\/www.zuniga.es\/cine-de-verano\/#primaryimage\"},\"thumbnailUrl\":\"http:\/\/www.zuniga.es\/wp-content\/uploads\/sites\/77\/2018\/07\/CARTEL-CINE-DE-VERANO-212x300.jpg\",\"datePublished\":\"2018-07-18T10:13:24+00:00\",\"author\":{\"@id\":\"http:\/\/www.zuniga.es\/#\/schema\/person\/eb276e557c34a7e6e7784137b46cc769\"},\"description\":\"Proyecci\u00f3n de la pel\u00edcula \\\"Black Panther\\\" en Z\u00fa\u00f1iga el pr\u00f3ximo 19 de Agosto a las 22:00 en el Front\u00f3n. La entrada es gratuita. Taquillera de Marvel.\",\"breadcrumb\":{\"@id\":\"http:\/\/www.zuniga.es\/eu\/cine-de-verano\/#breadcrumb\"},\"inLanguage\":\"eu-EU\",\"potentialAction\":[{\"@type\":\"ReadAction\",\"target\":[[\"http:\/\/www.zuniga.es\/eu\/cine-de-verano\/\"]]}]},{\"@type\":\"ImageObject\",\"inLanguage\":\"eu-EU\",\"@id\":\"http:\/\/www.zuniga.es\/eu\/cine-de-verano\/#primaryimage\",\"url\":\"http:\/\/www.zuniga.es\/wp-content\/uploads\/sites\/77\/2018\/07\/CARTEL-CINE-DE-VERANO-212x300.jpg\",\"contentUrl\":\"http:\/\/www.zuniga.es\/wp-content\/uploads\/sites\/77\/2018\/07\/CARTEL-CINE-DE-VERANO-212x300.jpg\"},{\"@type\":\"BreadcrumbList\",\"@id\":\"http:\/\/www.zuniga.es\/eu\/cine-de-verano\/#breadcrumb\",\"itemListElement\":[{\"@type\":\"ListItem\",\"position\":1,\"name\":\"Portada\",\"item\":\"http:\/\/www.zuniga.es\/eu\/\"},{\"@type\":\"ListItem\",\"position\":2,\"name\":\"Cine de Verano!!\"}]},{\"@type\":\"WebSite\",\"@id\":\"http:\/\/www.zuniga.es\/eu\/#website\",\"url\":\"http:\/\/www.zuniga.es\/eu\/\",\"name\":\"Ayuntamiento de Zu\u00f1iga - Zu\u00f1igako Udala\",\"description\":\"Web del Ayuntamiento de Zu\u00f1iga - Zu\u00f1igako Udala\",\"potentialAction\":[{\"@type\":\"SearchAction\",\"target\":{\"@type\":\"EntryPoint\",\"urlTemplate\":\"http:\/\/www.zuniga.es\/eu\/?s={search_term_string}\"},\"query-input\":{\"@type\":\"PropertyValueSpecification\",\"valueRequired\":true,\"valueName\":\"search_term_string\"}}],\"inLanguage\":\"eu-EU\"},{\"@type\":\"Person\",\"@id\":\"http:\/\/www.zuniga.es\/#\/schema\/person\/eb276e557c34a7e6e7784137b46cc769\",\"name\":\"zngalcalde\",\"image\":{\"@type\":\"ImageObject\",\"inLanguage\":\"eu-EU\",\"@id\":\"http:\/\/www.zuniga.es\/eu\/#\/schema\/person\/image\/\",\"url\":\"https:\/\/secure.gravatar.com\/avatar\/0dc2e704ac63e4e141d2a067deca7c91936fb09b1f58b55a8608e65a3c511929?s=96&d=mm&r=g\",\"contentUrl\":\"https:\/\/secure.gravatar.com\/avatar\/0dc2e704ac63e4e141d2a067deca7c91936fb09b1f58b55a8608e65a3c511929?s=96&d=mm&r=g\",\"caption\":\"zngalcalde\"},\"url\":\"http:\/\/www.zuniga.es\/eu\/author\/zngalcalde\/\"}]}<\/script>\r\n<!-- \/ Yoast SEO plugin. -->","yoast_head_json":{"title":"(Castellano) Cine de Verano!! - Ayuntamiento de Zu\u00f1iga - Zu\u00f1igako Udala","description":"Proyecci\u00f3n de la pel\u00edcula \"Black Panther\" en Z\u00fa\u00f1iga el pr\u00f3ximo 19 de Agosto a las 22:00 en el Front\u00f3n. La entrada es gratuita. Taquillera de Marvel.","robots":{"index":"index","follow":"follow","max-snippet":"max-snippet:-1","max-image-preview":"max-image-preview:large","max-video-preview":"max-video-preview:-1"},"canonical":"http:\/\/www.zuniga.es\/eu\/cine-de-verano\/","og_locale":"en_US","og_type":"article","og_title":"(Castellano) Cine de Verano!! - Ayuntamiento de Zu\u00f1iga - Zu\u00f1igako Udala","og_description":"Proyecci\u00f3n de la pel\u00edcula \"Black Panther\" en Z\u00fa\u00f1iga el pr\u00f3ximo 19 de Agosto a las 22:00 en el Front\u00f3n. La entrada es gratuita. Taquillera de Marvel.","og_url":"http:\/\/www.zuniga.es\/eu\/cine-de-verano\/","og_site_name":"Ayuntamiento de Zu\u00f1iga - Zu\u00f1igako Udala","article_published_time":"2018-07-18T10:13:24+00:00","og_image":[{"url":"http:\/\/www.zuniga.es\/wp-content\/uploads\/sites\/77\/2018\/07\/CARTEL-CINE-DE-VERANO-212x300.jpg","type":"","width":"","height":""}],"author":"zngalcalde","twitter_card":"summary_large_image","twitter_misc":{"Written by":"zngalcalde"},"schema":{"@context":"https:\/\/schema.org","@graph":[{"@type":"Article","@id":"http:\/\/www.zuniga.es\/cine-de-verano\/#article","isPartOf":{"@id":"http:\/\/www.zuniga.es\/cine-de-verano\/"},"author":{"name":"zngalcalde","@id":"http:\/\/www.zuniga.es\/#\/schema\/person\/eb276e557c34a7e6e7784137b46cc769"},"headline":"(Castellano) Cine de Verano!!","datePublished":"2018-07-18T10:13:24+00:00","mainEntityOfPage":{"@id":"http:\/\/www.zuniga.es\/cine-de-verano\/"},"wordCount":92,"image":{"@id":"http:\/\/www.zuniga.es\/cine-de-verano\/#primaryimage"},"thumbnailUrl":"http:\/\/www.zuniga.es\/wp-content\/uploads\/sites\/77\/2018\/07\/CARTEL-CINE-DE-VERANO-212x300.jpg","keywords":["2018","Black Panther","cine","verano"],"articleSection":["Actualidad","BLOG","M\u00e1s Noticias","Noticias"],"inLanguage":"eu-EU"},{"@type":"WebPage","@id":"http:\/\/www.zuniga.es\/eu\/cine-de-verano\/","url":"http:\/\/www.zuniga.es\/eu\/cine-de-verano\/","name":"(Castellano) Cine de Verano!! - Ayuntamiento de Zu\u00f1iga - Zu\u00f1igako Udala","isPartOf":{"@id":"http:\/\/www.zuniga.es\/eu\/#website"},"primaryImageOfPage":{"@id":"http:\/\/www.zuniga.es\/eu\/cine-de-verano\/#primaryimage"},"image":{"@id":"http:\/\/www.zuniga.es\/cine-de-verano\/#primaryimage"},"thumbnailUrl":"http:\/\/www.zuniga.es\/wp-content\/uploads\/sites\/77\/2018\/07\/CARTEL-CINE-DE-VERANO-212x300.jpg","datePublished":"2018-07-18T10:13:24+00:00","author":{"@id":"http:\/\/www.zuniga.es\/#\/schema\/person\/eb276e557c34a7e6e7784137b46cc769"},"description":"Proyecci\u00f3n de la pel\u00edcula \"Black Panther\" en Z\u00fa\u00f1iga el pr\u00f3ximo 19 de Agosto a las 22:00 en el Front\u00f3n. La entrada es gratuita. Taquillera de Marvel.","breadcrumb":{"@id":"http:\/\/www.zuniga.es\/eu\/cine-de-verano\/#breadcrumb"},"inLanguage":"eu-EU","potentialAction":[{"@type":"ReadAction","target":[["http:\/\/www.zuniga.es\/eu\/cine-de-verano\/"]]}]},{"@type":"ImageObject","inLanguage":"eu-EU","@id":"http:\/\/www.zuniga.es\/eu\/cine-de-verano\/#primaryimage","url":"http:\/\/www.zuniga.es\/wp-content\/uploads\/sites\/77\/2018\/07\/CARTEL-CINE-DE-VERANO-212x300.jpg","contentUrl":"http:\/\/www.zuniga.es\/wp-content\/uploads\/sites\/77\/2018\/07\/CARTEL-CINE-DE-VERANO-212x300.jpg"},{"@type":"BreadcrumbList","@id":"http:\/\/www.zuniga.es\/eu\/cine-de-verano\/#breadcrumb","itemListElement":[{"@type":"ListItem","position":1,"name":"Portada","item":"http:\/\/www.zuniga.es\/eu\/"},{"@type":"ListItem","position":2,"name":"Cine de Verano!!"}]},{"@type":"WebSite","@id":"http:\/\/www.zuniga.es\/eu\/#website","url":"http:\/\/www.zuniga.es\/eu\/","name":"Ayuntamiento de Zu\u00f1iga - Zu\u00f1igako Udala","description":"Web del Ayuntamiento de Zu\u00f1iga - Zu\u00f1igako Udala","potentialAction":[{"@type":"SearchAction","target":{"@type":"EntryPoint","urlTemplate":"http:\/\/www.zuniga.es\/eu\/?s={search_term_string}"},"query-input":{"@type":"PropertyValueSpecification","valueRequired":true,"valueName":"search_term_string"}}],"inLanguage":"eu-EU"},{"@type":"Person","@id":"http:\/\/www.zuniga.es\/#\/schema\/person\/eb276e557c34a7e6e7784137b46cc769","name":"zngalcalde","image":{"@type":"ImageObject","inLanguage":"eu-EU","@id":"http:\/\/www.zuniga.es\/eu\/#\/schema\/person\/image\/","url":"https:\/\/secure.gravatar.com\/avatar\/0dc2e704ac63e4e141d2a067deca7c91936fb09b1f58b55a8608e65a3c511929?s=96&d=mm&r=g","contentUrl":"https:\/\/secure.gravatar.com\/avatar\/0dc2e704ac63e4e141d2a067deca7c91936fb09b1f58b55a8608e65a3c511929?s=96&d=mm&r=g","caption":"zngalcalde"},"url":"http:\/\/www.zuniga.es\/eu\/author\/zngalcalde\/"}]}},"_links":{"self":[{"href":"http:\/\/www.zuniga.es\/eu\/wp-json\/wp\/v2\/posts\/7961","targetHints":{"allow":["GET"]}}],"collection":[{"href":"http:\/\/www.zuniga.es\/eu\/wp-json\/wp\/v2\/posts"}],"about":[{"href":"http:\/\/www.zuniga.es\/eu\/wp-json\/wp\/v2\/types\/post"}],"author":[{"embeddable":true,"href":"http:\/\/www.zuniga.es\/eu\/wp-json\/wp\/v2\/users\/247"}],"replies":[{"embeddable":true,"href":"http:\/\/www.zuniga.es\/eu\/wp-json\/wp\/v2\/comments?post=7961"}],"version-history":[{"count":1,"href":"http:\/\/www.zuniga.es\/eu\/wp-json\/wp\/v2\/posts\/7961\/revisions"}],"predecessor-version":[{"id":7963,"href":"http:\/\/www.zuniga.es\/eu\/wp-json\/wp\/v2\/posts\/7961\/revisions\/7963"}],"wp:attachment":[{"href":"http:\/\/www.zuniga.es\/eu\/wp-json\/wp\/v2\/media?parent=7961"}],"wp:term":[{"taxonomy":"category","embeddable":true,"href":"http:\/\/www.zuniga.es\/eu\/wp-json\/wp\/v2\/categories?post=7961"},{"taxonomy":"post_tag","embeddable":true,"href":"http:\/\/www.zuniga.es\/eu\/wp-json\/wp\/v2\/tags?post=7961"}],"curies":[{"name":"wp","href":"https:\/\/api.w.org\/{rel}","templated":true}]}}