{"id":7607,"date":"2018-02-14T12:03:01","date_gmt":"2018-02-14T12:03:01","guid":{"rendered":"http:\/\/www.zuniga.es\/?p=7607"},"modified":"2018-02-14T12:03:01","modified_gmt":"2018-02-14T12:03:01","slug":"foto-portada-3","status":"publish","type":"post","link":"http:\/\/www.zuniga.es\/eu\/foto-portada-3\/","title":{"rendered":"Foto portada 3"},"content":{"rendered":"","protected":false},"excerpt":{"rendered":"","protected":false},"author":9663,"featured_media":7598,"comment_status":"closed","ping_status":"closed","sticky":false,"template":"","format":"standard","meta":{"_monsterinsights_skip_tracking":false,"_monsterinsights_sitenote_active":false,"_monsterinsights_sitenote_note":"","_monsterinsights_sitenote_category":0,"footnotes":""},"categories":[39],"tags":[],"class_list":["post-7607","post","type-post","status-publish","format-standard","has-post-thumbnail","hentry","category-fotos-portada"],"yoast_head":"<!-- This site is optimized with the Yoast SEO plugin v26.8 - https:\/\/yoast.com\/product\/yoast-seo-wordpress\/ -->\r\n<title>Foto portada 3Foto portada 3 - Ayuntamiento de Zu\u00f1iga - Zu\u00f1igako Udala<\/title>\r\n<meta name=\"robots\" content=\"index, follow, max-snippet:-1, max-image-preview:large, max-video-preview:-1\" \/>\r\n<link rel=\"canonical\" href=\"http:\/\/www.zuniga.es\/eu\/foto-portada-3\/\" \/>\r\n<meta property=\"og:locale\" content=\"en_US\" \/>\r\n<meta property=\"og:type\" content=\"article\" \/>\r\n<meta property=\"og:title\" content=\"Foto portada 3Foto portada 3 - Ayuntamiento de Zu\u00f1iga - Zu\u00f1igako Udala\" \/>\r\n<meta property=\"og:url\" content=\"http:\/\/www.zuniga.es\/eu\/foto-portada-3\/\" \/>\r\n<meta property=\"og:site_name\" content=\"Ayuntamiento de Zu\u00f1iga - Zu\u00f1igako Udala\" \/>\r\n<meta property=\"article:published_time\" content=\"2018-02-14T12:03:01+00:00\" \/>\r\n<meta property=\"og:image\" content=\"http:\/\/www.zuniga.es\/wp-content\/uploads\/sites\/77\/2018\/02\/eslaider-3.jpg\" \/>\r\n\t<meta property=\"og:image:width\" content=\"1018\" \/>\r\n\t<meta property=\"og:image:height\" content=\"274\" \/>\r\n\t<meta property=\"og:image:type\" content=\"image\/jpeg\" \/>\r\n<meta name=\"twitter:card\" content=\"summary_large_image\" \/>\r\n<meta name=\"twitter:label1\" content=\"Written by\" \/>\n\t<meta name=\"twitter:data1\" content=\"\" \/>\r\n<script type=\"application\/ld+json\" class=\"yoast-schema-graph\">{\"@context\":\"https:\/\/schema.org\",\"@graph\":[{\"@type\":\"Article\",\"@id\":\"http:\/\/www.zuniga.es\/foto-portada-3\/#article\",\"isPartOf\":{\"@id\":\"http:\/\/www.zuniga.es\/foto-portada-3\/\"},\"author\":{\"name\":\"\",\"@id\":\"\"},\"headline\":\"Foto portada 3\",\"datePublished\":\"2018-02-14T12:03:01+00:00\",\"mainEntityOfPage\":{\"@id\":\"http:\/\/www.zuniga.es\/foto-portada-3\/\"},\"wordCount\":4,\"image\":{\"@id\":\"http:\/\/www.zuniga.es\/foto-portada-3\/#primaryimage\"},\"thumbnailUrl\":\"http:\/\/www.zuniga.es\/wp-content\/uploads\/sites\/77\/2018\/02\/eslaider-3.jpg\",\"articleSection\":[\"Fotos-Portada\"],\"inLanguage\":\"eu-EU\"},{\"@type\":\"WebPage\",\"@id\":\"http:\/\/www.zuniga.es\/eu\/foto-portada-3\/\",\"url\":\"http:\/\/www.zuniga.es\/eu\/foto-portada-3\/\",\"name\":\"Foto portada 3Foto portada 3 - Ayuntamiento de Zu\u00f1iga - Zu\u00f1igako Udala\",\"isPartOf\":{\"@id\":\"http:\/\/www.zuniga.es\/eu\/#website\"},\"primaryImageOfPage\":{\"@id\":\"http:\/\/www.zuniga.es\/eu\/foto-portada-3\/#primaryimage\"},\"image\":{\"@id\":\"http:\/\/www.zuniga.es\/foto-portada-3\/#primaryimage\"},\"thumbnailUrl\":\"http:\/\/www.zuniga.es\/wp-content\/uploads\/sites\/77\/2018\/02\/eslaider-3.jpg\",\"datePublished\":\"2018-02-14T12:03:01+00:00\",\"author\":{\"@id\":\"\"},\"breadcrumb\":{\"@id\":\"http:\/\/www.zuniga.es\/eu\/foto-portada-3\/#breadcrumb\"},\"inLanguage\":\"eu-EU\",\"potentialAction\":[{\"@type\":\"ReadAction\",\"target\":[[\"http:\/\/www.zuniga.es\/eu\/foto-portada-3\/\"]]}]},{\"@type\":\"ImageObject\",\"inLanguage\":\"eu-EU\",\"@id\":\"http:\/\/www.zuniga.es\/eu\/foto-portada-3\/#primaryimage\",\"url\":\"http:\/\/www.zuniga.es\/wp-content\/uploads\/sites\/77\/2018\/02\/eslaider-3.jpg\",\"contentUrl\":\"http:\/\/www.zuniga.es\/wp-content\/uploads\/sites\/77\/2018\/02\/eslaider-3.jpg\",\"width\":1018,\"height\":274},{\"@type\":\"BreadcrumbList\",\"@id\":\"http:\/\/www.zuniga.es\/eu\/foto-portada-3\/#breadcrumb\",\"itemListElement\":[{\"@type\":\"ListItem\",\"position\":1,\"name\":\"Portada\",\"item\":\"http:\/\/www.zuniga.es\/eu\/\"},{\"@type\":\"ListItem\",\"position\":2,\"name\":\"Foto portada 3\"}]},{\"@type\":\"WebSite\",\"@id\":\"http:\/\/www.zuniga.es\/eu\/#website\",\"url\":\"http:\/\/www.zuniga.es\/eu\/\",\"name\":\"Ayuntamiento de Zu\u00f1iga - Zu\u00f1igako Udala\",\"description\":\"Web del Ayuntamiento de Zu\u00f1iga - Zu\u00f1igako Udala\",\"potentialAction\":[{\"@type\":\"SearchAction\",\"target\":{\"@type\":\"EntryPoint\",\"urlTemplate\":\"http:\/\/www.zuniga.es\/eu\/?s={search_term_string}\"},\"query-input\":{\"@type\":\"PropertyValueSpecification\",\"valueRequired\":true,\"valueName\":\"search_term_string\"}}],\"inLanguage\":\"eu-EU\"},{\"@type\":\"Person\",\"@id\":\"\",\"url\":\"http:\/\/www.zuniga.es\/eu\/author\/\"}]}<\/script>\r\n<!-- \/ Yoast SEO plugin. -->","yoast_head_json":{"title":"Foto portada 3Foto portada 3 - Ayuntamiento de Zu\u00f1iga - Zu\u00f1igako Udala","robots":{"index":"index","follow":"follow","max-snippet":"max-snippet:-1","max-image-preview":"max-image-preview:large","max-video-preview":"max-video-preview:-1"},"canonical":"http:\/\/www.zuniga.es\/eu\/foto-portada-3\/","og_locale":"en_US","og_type":"article","og_title":"Foto portada 3Foto portada 3 - Ayuntamiento de Zu\u00f1iga - Zu\u00f1igako Udala","og_url":"http:\/\/www.zuniga.es\/eu\/foto-portada-3\/","og_site_name":"Ayuntamiento de Zu\u00f1iga - Zu\u00f1igako Udala","article_published_time":"2018-02-14T12:03:01+00:00","og_image":[{"width":1018,"height":274,"url":"http:\/\/www.zuniga.es\/wp-content\/uploads\/sites\/77\/2018\/02\/eslaider-3.jpg","type":"image\/jpeg"}],"twitter_card":"summary_large_image","twitter_misc":{"Written by":""},"schema":{"@context":"https:\/\/schema.org","@graph":[{"@type":"Article","@id":"http:\/\/www.zuniga.es\/foto-portada-3\/#article","isPartOf":{"@id":"http:\/\/www.zuniga.es\/foto-portada-3\/"},"author":{"name":"","@id":""},"headline":"Foto portada 3","datePublished":"2018-02-14T12:03:01+00:00","mainEntityOfPage":{"@id":"http:\/\/www.zuniga.es\/foto-portada-3\/"},"wordCount":4,"image":{"@id":"http:\/\/www.zuniga.es\/foto-portada-3\/#primaryimage"},"thumbnailUrl":"http:\/\/www.zuniga.es\/wp-content\/uploads\/sites\/77\/2018\/02\/eslaider-3.jpg","articleSection":["Fotos-Portada"],"inLanguage":"eu-EU"},{"@type":"WebPage","@id":"http:\/\/www.zuniga.es\/eu\/foto-portada-3\/","url":"http:\/\/www.zuniga.es\/eu\/foto-portada-3\/","name":"Foto portada 3Foto portada 3 - Ayuntamiento de Zu\u00f1iga - Zu\u00f1igako Udala","isPartOf":{"@id":"http:\/\/www.zuniga.es\/eu\/#website"},"primaryImageOfPage":{"@id":"http:\/\/www.zuniga.es\/eu\/foto-portada-3\/#primaryimage"},"image":{"@id":"http:\/\/www.zuniga.es\/foto-portada-3\/#primaryimage"},"thumbnailUrl":"http:\/\/www.zuniga.es\/wp-content\/uploads\/sites\/77\/2018\/02\/eslaider-3.jpg","datePublished":"2018-02-14T12:03:01+00:00","author":{"@id":""},"breadcrumb":{"@id":"http:\/\/www.zuniga.es\/eu\/foto-portada-3\/#breadcrumb"},"inLanguage":"eu-EU","potentialAction":[{"@type":"ReadAction","target":[["http:\/\/www.zuniga.es\/eu\/foto-portada-3\/"]]}]},{"@type":"ImageObject","inLanguage":"eu-EU","@id":"http:\/\/www.zuniga.es\/eu\/foto-portada-3\/#primaryimage","url":"http:\/\/www.zuniga.es\/wp-content\/uploads\/sites\/77\/2018\/02\/eslaider-3.jpg","contentUrl":"http:\/\/www.zuniga.es\/wp-content\/uploads\/sites\/77\/2018\/02\/eslaider-3.jpg","width":1018,"height":274},{"@type":"BreadcrumbList","@id":"http:\/\/www.zuniga.es\/eu\/foto-portada-3\/#breadcrumb","itemListElement":[{"@type":"ListItem","position":1,"name":"Portada","item":"http:\/\/www.zuniga.es\/eu\/"},{"@type":"ListItem","position":2,"name":"Foto portada 3"}]},{"@type":"WebSite","@id":"http:\/\/www.zuniga.es\/eu\/#website","url":"http:\/\/www.zuniga.es\/eu\/","name":"Ayuntamiento de Zu\u00f1iga - Zu\u00f1igako Udala","description":"Web del Ayuntamiento de Zu\u00f1iga - Zu\u00f1igako Udala","potentialAction":[{"@type":"SearchAction","target":{"@type":"EntryPoint","urlTemplate":"http:\/\/www.zuniga.es\/eu\/?s={search_term_string}"},"query-input":{"@type":"PropertyValueSpecification","valueRequired":true,"valueName":"search_term_string"}}],"inLanguage":"eu-EU"},{"@type":"Person","@id":"","url":"http:\/\/www.zuniga.es\/eu\/author\/"}]}},"_links":{"self":[{"href":"http:\/\/www.zuniga.es\/eu\/wp-json\/wp\/v2\/posts\/7607","targetHints":{"allow":["GET"]}}],"collection":[{"href":"http:\/\/www.zuniga.es\/eu\/wp-json\/wp\/v2\/posts"}],"about":[{"href":"http:\/\/www.zuniga.es\/eu\/wp-json\/wp\/v2\/types\/post"}],"author":[{"embeddable":true,"href":"http:\/\/www.zuniga.es\/eu\/wp-json\/wp\/v2\/users\/9663"}],"replies":[{"embeddable":true,"href":"http:\/\/www.zuniga.es\/eu\/wp-json\/wp\/v2\/comments?post=7607"}],"version-history":[{"count":0,"href":"http:\/\/www.zuniga.es\/eu\/wp-json\/wp\/v2\/posts\/7607\/revisions"}],"wp:featuredmedia":[{"embeddable":true,"href":"http:\/\/www.zuniga.es\/eu\/wp-json\/wp\/v2\/media\/7598"}],"wp:attachment":[{"href":"http:\/\/www.zuniga.es\/eu\/wp-json\/wp\/v2\/media?parent=7607"}],"wp:term":[{"taxonomy":"category","embeddable":true,"href":"http:\/\/www.zuniga.es\/eu\/wp-json\/wp\/v2\/categories?post=7607"},{"taxonomy":"post_tag","embeddable":true,"href":"http:\/\/www.zuniga.es\/eu\/wp-json\/wp\/v2\/tags?post=7607"}],"curies":[{"name":"wp","href":"https:\/\/api.w.org\/{rel}","templated":true}]}}