{"id":7319,"date":"2016-05-12T19:49:45","date_gmt":"2016-05-12T19:49:45","guid":{"rendered":"http:\/\/www.zuniga.es\/?p=7319"},"modified":"2016-06-05T20:11:47","modified_gmt":"2016-06-05T20:11:47","slug":"plan-general-de-ordenacion-urbana","status":"publish","type":"post","link":"http:\/\/www.zuniga.es\/eu\/plan-general-de-ordenacion-urbana\/","title":{"rendered":"PLAN GENERAL DE ORDENACI\u00d3N URBANA"},"content":{"rendered":"<p class=\"qtranxs-available-languages-message qtranxs-available-languages-message-eu\">Barkatu, hau ez dago euskaraturik oraindik...<\/p>","protected":false},"excerpt":{"rendered":"<p>Barkatu, hau ez dago euskaraturik oraindik&#8230;<\/p>\n","protected":false},"author":10645,"featured_media":0,"comment_status":"closed","ping_status":"closed","sticky":false,"template":"","format":"standard","meta":{"_monsterinsights_skip_tracking":false,"_monsterinsights_sitenote_active":false,"_monsterinsights_sitenote_note":"","_monsterinsights_sitenote_category":0,"footnotes":""},"categories":[54],"tags":[],"class_list":["post-7319","post","type-post","status-publish","format-standard","hentry","category-plan-general-de-ordenacion-urbana"],"yoast_head":"<!-- This site is optimized with the Yoast SEO plugin v26.8 - https:\/\/yoast.com\/product\/yoast-seo-wordpress\/ -->\r\n<title>PLAN GENERAL DE ORDENACI\u00d3N URBANAPLAN GENERAL DE ORDENACI\u00d3N URBANA - Ayuntamiento de Zu\u00f1iga - Zu\u00f1igako Udala<\/title>\r\n<meta name=\"robots\" content=\"index, follow, max-snippet:-1, max-image-preview:large, max-video-preview:-1\" \/>\r\n<link rel=\"canonical\" href=\"http:\/\/www.zuniga.es\/eu\/plan-general-de-ordenacion-urbana\/\" \/>\r\n<meta property=\"og:locale\" content=\"en_US\" \/>\r\n<meta property=\"og:type\" content=\"article\" \/>\r\n<meta property=\"og:title\" content=\"PLAN GENERAL DE ORDENACI\u00d3N URBANAPLAN GENERAL DE ORDENACI\u00d3N URBANA - Ayuntamiento de Zu\u00f1iga - Zu\u00f1igako Udala\" \/>\r\n<meta property=\"og:description\" content=\"Barkatu, hau ez dago euskaraturik oraindik...\" \/>\r\n<meta property=\"og:url\" content=\"http:\/\/www.zuniga.es\/eu\/plan-general-de-ordenacion-urbana\/\" \/>\r\n<meta property=\"og:site_name\" content=\"Ayuntamiento de Zu\u00f1iga - Zu\u00f1igako Udala\" \/>\r\n<meta property=\"article:published_time\" content=\"2016-05-12T19:49:45+00:00\" \/>\r\n<meta property=\"article:modified_time\" content=\"2016-06-05T20:11:47+00:00\" \/>\r\n<meta name=\"twitter:card\" content=\"summary_large_image\" \/>\r\n<meta name=\"twitter:label1\" content=\"Written by\" \/>\n\t<meta name=\"twitter:data1\" content=\"\" \/>\r\n<script type=\"application\/ld+json\" class=\"yoast-schema-graph\">{\"@context\":\"https:\/\/schema.org\",\"@graph\":[{\"@type\":\"Article\",\"@id\":\"http:\/\/www.zuniga.es\/plan-general-de-ordenacion-urbana\/#article\",\"isPartOf\":{\"@id\":\"http:\/\/www.zuniga.es\/plan-general-de-ordenacion-urbana\/\"},\"author\":{\"name\":\"\",\"@id\":\"\"},\"headline\":\"PLAN GENERAL DE ORDENACI\u00d3N URBANA\",\"datePublished\":\"2016-05-12T19:49:45+00:00\",\"dateModified\":\"2016-06-05T20:11:47+00:00\",\"mainEntityOfPage\":{\"@id\":\"http:\/\/www.zuniga.es\/plan-general-de-ordenacion-urbana\/\"},\"wordCount\":26,\"articleSection\":[\"Plan General de Ordenacion Urbana\"],\"inLanguage\":\"eu-EU\"},{\"@type\":\"WebPage\",\"@id\":\"http:\/\/www.zuniga.es\/eu\/plan-general-de-ordenacion-urbana\/\",\"url\":\"http:\/\/www.zuniga.es\/eu\/plan-general-de-ordenacion-urbana\/\",\"name\":\"PLAN GENERAL DE ORDENACI\u00d3N URBANAPLAN GENERAL DE ORDENACI\u00d3N URBANA - Ayuntamiento de Zu\u00f1iga - Zu\u00f1igako Udala\",\"isPartOf\":{\"@id\":\"http:\/\/www.zuniga.es\/eu\/#website\"},\"datePublished\":\"2016-05-12T19:49:45+00:00\",\"dateModified\":\"2016-06-05T20:11:47+00:00\",\"author\":{\"@id\":\"\"},\"breadcrumb\":{\"@id\":\"http:\/\/www.zuniga.es\/eu\/plan-general-de-ordenacion-urbana\/#breadcrumb\"},\"inLanguage\":\"eu-EU\",\"potentialAction\":[{\"@type\":\"ReadAction\",\"target\":[[\"http:\/\/www.zuniga.es\/eu\/plan-general-de-ordenacion-urbana\/\"]]}]},{\"@type\":\"BreadcrumbList\",\"@id\":\"http:\/\/www.zuniga.es\/eu\/plan-general-de-ordenacion-urbana\/#breadcrumb\",\"itemListElement\":[{\"@type\":\"ListItem\",\"position\":1,\"name\":\"Portada\",\"item\":\"http:\/\/www.zuniga.es\/eu\/\"},{\"@type\":\"ListItem\",\"position\":2,\"name\":\"PLAN GENERAL DE ORDENACI\u00d3N URBANA\"}]},{\"@type\":\"WebSite\",\"@id\":\"http:\/\/www.zuniga.es\/eu\/#website\",\"url\":\"http:\/\/www.zuniga.es\/eu\/\",\"name\":\"Ayuntamiento de Zu\u00f1iga - Zu\u00f1igako Udala\",\"description\":\"Web del Ayuntamiento de Zu\u00f1iga - Zu\u00f1igako Udala\",\"potentialAction\":[{\"@type\":\"SearchAction\",\"target\":{\"@type\":\"EntryPoint\",\"urlTemplate\":\"http:\/\/www.zuniga.es\/eu\/?s={search_term_string}\"},\"query-input\":{\"@type\":\"PropertyValueSpecification\",\"valueRequired\":true,\"valueName\":\"search_term_string\"}}],\"inLanguage\":\"eu-EU\"},{\"@type\":\"Person\",\"@id\":\"\",\"url\":\"http:\/\/www.zuniga.es\/eu\/author\/\"}]}<\/script>\r\n<!-- \/ Yoast SEO plugin. -->","yoast_head_json":{"title":"PLAN GENERAL DE ORDENACI\u00d3N URBANAPLAN GENERAL DE ORDENACI\u00d3N URBANA - Ayuntamiento de Zu\u00f1iga - Zu\u00f1igako Udala","robots":{"index":"index","follow":"follow","max-snippet":"max-snippet:-1","max-image-preview":"max-image-preview:large","max-video-preview":"max-video-preview:-1"},"canonical":"http:\/\/www.zuniga.es\/eu\/plan-general-de-ordenacion-urbana\/","og_locale":"en_US","og_type":"article","og_title":"PLAN GENERAL DE ORDENACI\u00d3N URBANAPLAN GENERAL DE ORDENACI\u00d3N URBANA - Ayuntamiento de Zu\u00f1iga - Zu\u00f1igako Udala","og_description":"Barkatu, hau ez dago euskaraturik oraindik...","og_url":"http:\/\/www.zuniga.es\/eu\/plan-general-de-ordenacion-urbana\/","og_site_name":"Ayuntamiento de Zu\u00f1iga - Zu\u00f1igako Udala","article_published_time":"2016-05-12T19:49:45+00:00","article_modified_time":"2016-06-05T20:11:47+00:00","twitter_card":"summary_large_image","twitter_misc":{"Written by":""},"schema":{"@context":"https:\/\/schema.org","@graph":[{"@type":"Article","@id":"http:\/\/www.zuniga.es\/plan-general-de-ordenacion-urbana\/#article","isPartOf":{"@id":"http:\/\/www.zuniga.es\/plan-general-de-ordenacion-urbana\/"},"author":{"name":"","@id":""},"headline":"PLAN GENERAL DE ORDENACI\u00d3N URBANA","datePublished":"2016-05-12T19:49:45+00:00","dateModified":"2016-06-05T20:11:47+00:00","mainEntityOfPage":{"@id":"http:\/\/www.zuniga.es\/plan-general-de-ordenacion-urbana\/"},"wordCount":26,"articleSection":["Plan General de Ordenacion Urbana"],"inLanguage":"eu-EU"},{"@type":"WebPage","@id":"http:\/\/www.zuniga.es\/eu\/plan-general-de-ordenacion-urbana\/","url":"http:\/\/www.zuniga.es\/eu\/plan-general-de-ordenacion-urbana\/","name":"PLAN GENERAL DE ORDENACI\u00d3N URBANAPLAN GENERAL DE ORDENACI\u00d3N URBANA - Ayuntamiento de Zu\u00f1iga - Zu\u00f1igako Udala","isPartOf":{"@id":"http:\/\/www.zuniga.es\/eu\/#website"},"datePublished":"2016-05-12T19:49:45+00:00","dateModified":"2016-06-05T20:11:47+00:00","author":{"@id":""},"breadcrumb":{"@id":"http:\/\/www.zuniga.es\/eu\/plan-general-de-ordenacion-urbana\/#breadcrumb"},"inLanguage":"eu-EU","potentialAction":[{"@type":"ReadAction","target":[["http:\/\/www.zuniga.es\/eu\/plan-general-de-ordenacion-urbana\/"]]}]},{"@type":"BreadcrumbList","@id":"http:\/\/www.zuniga.es\/eu\/plan-general-de-ordenacion-urbana\/#breadcrumb","itemListElement":[{"@type":"ListItem","position":1,"name":"Portada","item":"http:\/\/www.zuniga.es\/eu\/"},{"@type":"ListItem","position":2,"name":"PLAN GENERAL DE ORDENACI\u00d3N URBANA"}]},{"@type":"WebSite","@id":"http:\/\/www.zuniga.es\/eu\/#website","url":"http:\/\/www.zuniga.es\/eu\/","name":"Ayuntamiento de Zu\u00f1iga - Zu\u00f1igako Udala","description":"Web del Ayuntamiento de Zu\u00f1iga - Zu\u00f1igako Udala","potentialAction":[{"@type":"SearchAction","target":{"@type":"EntryPoint","urlTemplate":"http:\/\/www.zuniga.es\/eu\/?s={search_term_string}"},"query-input":{"@type":"PropertyValueSpecification","valueRequired":true,"valueName":"search_term_string"}}],"inLanguage":"eu-EU"},{"@type":"Person","@id":"","url":"http:\/\/www.zuniga.es\/eu\/author\/"}]}},"_links":{"self":[{"href":"http:\/\/www.zuniga.es\/eu\/wp-json\/wp\/v2\/posts\/7319","targetHints":{"allow":["GET"]}}],"collection":[{"href":"http:\/\/www.zuniga.es\/eu\/wp-json\/wp\/v2\/posts"}],"about":[{"href":"http:\/\/www.zuniga.es\/eu\/wp-json\/wp\/v2\/types\/post"}],"author":[{"embeddable":true,"href":"http:\/\/www.zuniga.es\/eu\/wp-json\/wp\/v2\/users\/10645"}],"replies":[{"embeddable":true,"href":"http:\/\/www.zuniga.es\/eu\/wp-json\/wp\/v2\/comments?post=7319"}],"version-history":[{"count":0,"href":"http:\/\/www.zuniga.es\/eu\/wp-json\/wp\/v2\/posts\/7319\/revisions"}],"wp:attachment":[{"href":"http:\/\/www.zuniga.es\/eu\/wp-json\/wp\/v2\/media?parent=7319"}],"wp:term":[{"taxonomy":"category","embeddable":true,"href":"http:\/\/www.zuniga.es\/eu\/wp-json\/wp\/v2\/categories?post=7319"},{"taxonomy":"post_tag","embeddable":true,"href":"http:\/\/www.zuniga.es\/eu\/wp-json\/wp\/v2\/tags?post=7319"}],"curies":[{"name":"wp","href":"https:\/\/api.w.org\/{rel}","templated":true}]}}